{"id":12138,"date":"2024-04-28T15:44:02","date_gmt":"2024-04-28T13:44:02","guid":{"rendered":"https:\/\/salve-corda.org\/?p=12138"},"modified":"2024-05-13T09:45:28","modified_gmt":"2024-05-13T07:45:28","slug":"fiche-1-origine-et-structure-du-rosaire","status":"publish","type":"post","link":"https:\/\/salve-corda.org\/de\/fiche-1-origine-et-structure-du-rosaire\/","title":{"rendered":"Arbeitsblatt 1: Ursprung und Aufbau des Rosenkranzes"},"content":{"rendered":"<div data-elementor-type=\"wp-post\" data-elementor-id=\"12138\" class=\"elementor elementor-12138\">\n\t\t\t\t\t\t<section class=\"elementor-section elementor-top-section elementor-element elementor-element-0740088 elementor-section-boxed elementor-section-height-default elementor-section-height-default\" data-id=\"0740088\" data-element_type=\"section\" data-e-type=\"section\">\n\t\t\t\t\t\t<div class=\"elementor-container elementor-column-gap-default\">\n\t\t\t\t\t<div class=\"elementor-column elementor-col-100 elementor-top-column elementor-element elementor-element-8ad246e\" data-id=\"8ad246e\" data-element_type=\"column\" data-e-type=\"column\">\n\t\t\t<div class=\"elementor-widget-wrap elementor-element-populated\">\n\t\t\t\t\t\t<div class=\"elementor-element elementor-element-f0cdab3 elementor-widget elementor-widget-text-editor\" data-id=\"f0cdab3\" data-element_type=\"widget\" data-e-type=\"widget\" data-widget_type=\"text-editor.default\">\n\t\t\t\t<div class=\"elementor-widget-container\">\n\t\t\t\t\t\t\t\t\t<p><span style=\"color: #ab8c2e;\"><strong>1- <u>Ursprung des Rosenkranzes<\/u><\/strong><\/span><\/p><p><span style=\"color: #0000ff;\"><em>\"Der Rosenkranz wurde unter g\u00f6ttlicher Inspiration vom Heiligen Dominikus eingef\u00fchrt.\"<\/em> <\/span><em>[1170-1221]\u00a0<\/em><\/p><p>Papst Leo XIII, <em>Supremi Apostolatus Officio, 1<sup>er<\/sup> August 1883.<\/em><\/p><div><p>Dies wird durch zahlreiche historische Fakten belegt. Die K\u00f6nigin Blanca von Kastilien, die nach zw\u00f6lf Jahren Ehe kinderlos geblieben war, wurde 1212 vom Heiligen Dominikus besucht, der ihr empfahl, ein damals unbekanntes Gebet zu beten: den Rosenkranz.  Sie folgte seiner Lehre, lie\u00df Rosenkr\u00e4nze herstellen und verteilen und gebar 1214 den sp\u00e4teren Heiligen Ludwig. Dieser gute K\u00f6nig war der erste, der den Rosenkranz t\u00e4glich betete.<\/p><\/div>\t\t\t\t\t\t\t\t<\/div>\n\t\t\t\t<\/div>\n\t\t\t\t\t<\/div>\n\t\t<\/div>\n\t\t\t\t\t<\/div>\n\t\t<\/section>\n\t\t\t\t<section class=\"elementor-section elementor-top-section elementor-element elementor-element-2481451 elementor-section-boxed elementor-section-height-default elementor-section-height-default\" data-id=\"2481451\" data-element_type=\"section\" data-e-type=\"section\">\n\t\t\t\t\t\t<div class=\"elementor-container elementor-column-gap-default\">\n\t\t\t\t\t<div class=\"elementor-column elementor-col-33 elementor-top-column elementor-element elementor-element-dd6268b\" data-id=\"dd6268b\" data-element_type=\"column\" data-e-type=\"column\">\n\t\t\t<div class=\"elementor-widget-wrap elementor-element-populated\">\n\t\t\t\t\t\t<div class=\"elementor-element elementor-element-fbe12aa elementor-widget elementor-widget-image\" data-id=\"fbe12aa\" data-element_type=\"widget\" data-e-type=\"widget\" data-widget_type=\"image.default\">\n\t\t\t\t<div class=\"elementor-widget-container\">\n\t\t\t\t\t\t\t\t\t\t\t\t\t\t\t<img fetchpriority=\"high\" decoding=\"async\" width=\"523\" height=\"648\" src=\"https:\/\/salve-corda.org\/wp-content\/uploads\/2024\/04\/rosaire-image.png\" class=\"attachment-large size-large wp-image-12141\" alt=\"\" srcset=\"https:\/\/salve-corda.org\/wp-content\/uploads\/2024\/04\/rosaire-image.png 523w, https:\/\/salve-corda.org\/wp-content\/uploads\/2024\/04\/rosaire-image-242x300.png 242w\" sizes=\"(max-width: 523px) 100vw, 523px\" \/>\t\t\t\t\t\t\t\t\t\t\t\t\t\t\t<\/div>\n\t\t\t\t<\/div>\n\t\t\t\t\t<\/div>\n\t\t<\/div>\n\t\t\t\t<div class=\"elementor-column elementor-col-66 elementor-top-column elementor-element elementor-element-cda29e8 force-no-margin\" data-id=\"cda29e8\" data-element_type=\"column\" data-e-type=\"column\">\n\t\t\t<div class=\"elementor-widget-wrap elementor-element-populated\">\n\t\t\t\t\t\t<div class=\"elementor-element elementor-element-79de66b elementor-widget elementor-widget-text-editor\" data-id=\"79de66b\" data-element_type=\"widget\" data-e-type=\"widget\" data-widget_type=\"text-editor.default\">\n\t\t\t\t<div class=\"elementor-widget-container\">\n\t\t\t\t\t\t\t\t\t<p>Sp\u00e4ter best\u00e4tigten mehrere P\u00e4pste den Ursprung des Rosenkranzes. <strong>Benedikt XIV. <\/strong>(1740 - 1758) zu schreiben: <span style=\"color: #0000ff;\">\"...<em> so viele Orakel der p\u00e4pstlichen Herrscher, von Leo X., Pius V., Gregor XIII., Sixtus V., Clemens VIII., Alexander VII., Innozenz XI.<\/em><\/span><\/p><p><span style=\"color: #ab8c2e;\"><strong>2- <u>Aufbau des Rosenkranzes in drei Rosenkr\u00e4nzen <\/u><\/strong><\/span><\/p><p><span style=\"color: #ab8c2e;\">2-1 Die einhellige Lehre der P\u00e4pste<\/span><\/p><p><strong>Urban IV \u00a0<\/strong><\/p><p>\u00a0Im Jahr 1236 schrieb er: <span style=\"color: #0000ff;\">\"\u00a0<em>Es ist ein frommer Ritus, bei dem gegen die Gefahren, denen die Welt ausgesetzt ist, rezitiert wird <strong>das Ave Maria so oft, wie es Psalmen Davids gibt<\/strong>[150 Anm. d. \u00dc.], wobei jedem Zehner die sonnt\u00e4gliche Oration vorangestellt wird. Mit unserer apostolischen Autorit\u00e4t\u0301, <strong>stimmen wir diesem Psalter der Jungfrau Maria zu.<\/strong>\u00a0\" <\/em><\/span><\/p>\t\t\t\t\t\t\t\t<\/div>\n\t\t\t\t<\/div>\n\t\t\t\t\t<\/div>\n\t\t<\/div>\n\t\t\t\t\t<\/div>\n\t\t<\/section>\n\t\t\t\t<section class=\"elementor-section elementor-top-section elementor-element elementor-element-bf44d00 elementor-section-boxed elementor-section-height-default elementor-section-height-default\" data-id=\"bf44d00\" data-element_type=\"section\" data-e-type=\"section\">\n\t\t\t\t\t\t<div class=\"elementor-container elementor-column-gap-default\">\n\t\t\t\t\t<div class=\"elementor-column elementor-col-100 elementor-top-column elementor-element elementor-element-14fac92\" data-id=\"14fac92\" data-element_type=\"column\" data-e-type=\"column\">\n\t\t\t<div class=\"elementor-widget-wrap elementor-element-populated\">\n\t\t\t\t\t\t<div class=\"elementor-element elementor-element-5832878 elementor-widget elementor-widget-text-editor\" data-id=\"5832878\" data-element_type=\"widget\" data-e-type=\"widget\" data-widget_type=\"text-editor.default\">\n\t\t\t\t<div class=\"elementor-widget-container\">\n\t\t\t\t\t\t\t\t\t<p><strong>Heilige Pius V. <\/strong><\/p><p>1569 legte er die Form des Rosenkranzes durch die Bulle endg\u00fcltig fest <em>Consueverunt romani Pontifices, <\/em>in der er ganz klar sagt, dass der heilige Dominikus ihn in die Kirche gebracht hat <span style=\"color: #0000ff;\">\" ... <em>eine Gebetsweise, genannt\u0301 Rosenkranz oder Psalter der seligen Jungfrau Maria, die darin besteht, die selige Jungfrau Maria durch die Rezitation von <strong>150 <\/strong><\/em><strong>Ave Maria<\/strong><em>Die Psalmen werden nach der Zahl der Psalmen Davids gez\u00e4hlt, wobei zu jedem zehnten Ave das Sonntagsgebet und die Betrachtung der Geheimnisse aus dem Leben unseres Herrn Jesus Christus hinzugef\u00fcgt werden.\"<\/em><\/span><\/p><p><strong>Leo XIII.<\/strong><\/p><p>Er erinnert in <em>L\u00e6titi\u00e6 sanct\u00e6<\/em> (8. August 1893), dass die <span style=\"color: #0000ff;\">\" <strong><em>drei<\/em><\/strong><em> Hauptursachen f\u00fcr die Unordnung der V\u00f6lker finden ihre Heilmittel in den <strong>drei<\/strong> Mystery-Serien\".<\/em><\/span><\/p><p><strong>Paul VI. <\/strong><\/p><p>W\u00e4hrend des Zweiten Vatikanischen Konzils wollten Kritiker den Rosenkranz ver\u00e4ndern und <strong>Paul VI. lehnte energisch ab<\/strong>\u00a0:<\/p><p>1973 <span style=\"color: #0000ff;\">\" <em>Der Rosenkranz muss <strong>in ihrer Form einzigartig und unver\u00e4ndert bleiben<\/strong> im Vergleich zu dem, was er derzeit ist. <\/em>\"<\/span><\/p><p><span style=\"color: #ab8c2e;\">2-2 Der apostolische Brief von Johannes Paul II.<\/span><\/p><p>Im Jahr 2002 unterzeichnete Johannes Paul II. eine <strong>Apostolisches Schreiben<\/strong> <em>Rosarium Virginis Mariae.<\/em>\u00a0\u00dcber diesen Brief des Papstes sind viele Verwirrungen entstanden, und es ist sinnvoll, einige wichtige Dinge in Erinnerung zu rufen:<\/p><ul><li>Er schafft keine Verpflichtung, da eine <strong>apostolischen Briefes im freien Ermessen der Gl\u00e4ubigen liegt<\/strong> und er erinnert sie in seinem Brief daran.<\/li><li>die <em>Fr\u00f6hliche Mysterien<\/em> concernent la vie du Christ de son Incarnation jusqu\u2019\u00e0 l\u2019institution de l\u2019Eucharistie. La tradition nous a apport\u00e9 les cinq myst\u00e8res que nous connaissons, portant sur le vie cach\u00e9e de J\u00e9sus, mais l\u2019\u00c9glise ne les a jamais fig\u00e9s. Des pr\u00e9dicateurs, dans les si\u00e8cles pass\u00e9s, ont fait des m\u00e9ditations sur d&#8217;autres passages de la vie de Notre Seigneur.<\/li><li>Les th\u00e8mes des myst\u00e8res n&#8217;\u00e9tant pas fig\u00e9s, Jean Paul II a suivi cette pratique et a\u00a0 propos\u00e9\u00a0 de m\u00e9diter des passages de la vie publique de J\u00e9sus les appelant &#8220;lumineux&#8221; pour les distinguer des myst\u00e8res de la vie cach\u00e9s de J\u00e9sus.<\/li><li>Er hat nie darauf hingewiesen, dass die Struktur des Rosenkranzes ge\u00e4ndert wurde und dass man 200 \"Gegr\u00fc\u00dfet seist du, Maria\" beten sollte. Beweis daf\u00fcr ist, dass er die Struktur des Rosenkranzes in dem vom Heiligen Stuhl herausgegebenen offiziellen Verzeichnis nicht ge\u00e4ndert hat, <em>Das Enchiridion Indulgentiarum\u00a0<\/em>in dem die Struktur mit 15 Zehnern immer beibehalten wird.<\/li><\/ul><p>Es steht den Gl\u00e4ubigen also frei, diese Geheimnisse zu ignorieren, oder sie in den Fr\u00f6hlichen Geheimnissen zu meditieren, oder einen separaten Rosenkranz in der Woche mit diesen Themen zu machen, oder sogar andere Abschnitte aus dem Leben Jesu zu w\u00e4hlen.<\/p><p><span style=\"color: #ab8c2e;\">2-3 Fatima: Die gro\u00dfe Best\u00e4tigung der Struktur des Rosenkranzes durch die Heilige Jungfrau selbst<\/span><\/p><p>Am 13. Oktober 1917, nachdem er gesagt hatte, dass sein Name <strong>Unsere Liebe Frau vom Rosenkranz<\/strong>Die Heilige Jungfrau zeigte den kleinen Sehern drei Bilder, die die drei Serien der Geheimnisse des Rosenkranzes darstellten:<\/p><ul><li>der Heiligen Familie, illustriert die <strong>freudige Geheimnisse<\/strong> ;<\/li><li>Unsere Liebe Frau der Schmerzen, neben ihr Unser Herr, der die <strong>schmerzhafte Geheimnisse<\/strong> ;<\/li><li>Unsere Liebe Frau vom Berg Karmel, die in ihrer Hand ein Skapulier h\u00e4lt, illustriert die <strong>glorreiche Geheimnisse<\/strong>.<\/li><\/ul><p>Am 10. Dezember 1925 best\u00e4tigte die Heilige Jungfrau mit Sicherheit die Struktur des Rosenkranzes. Bei ihrer Erscheinung an Schwester Lucia von Fatima am \"ersten Samstag des Monats\" bat sie darum, 15 Minuten lang zu meditieren.\u00a0<strong><em>zu den f\u00fcnfzehn Geheimnissen des Rosenkranzes <\/em><\/strong><em>im Geiste der Wiedergutmachung \"\u00a0<\/em><\/p><p><span style=\"color: #ab8c2e;\">2-4<u>\u00a0Die neuen Gebete namens \"Rosenkranz\".<\/u><\/span><\/p><p>In den letzten Jahren sind neue Gebete aufgetaucht, die als \"Rosenkr\u00e4nze\" bezeichnet werden (z. B. der Rosenkranz der Barmherzigkeit). Der Begriff \"Rosenkranz\" kann zu Verwechslungen f\u00fchren.\u00a0<\/p><p>Daher ist es wichtig, zwischen dem <b>Rosenkranz <\/b>demand\u00e9 \u00e0 Fatima avec ces nouveaux\u00a0 &#8220;chapelets&#8221; qui sont sans liens avec Fatima. A Fatima, la Saint Vierge a bien demand\u00e9 exclusivement la r\u00e9citation <strong>des Rosenkranzes <\/strong>insbesondere f\u00fcr den ersten Samstag des Monats.<\/p><p><span style=\"color: #ab8c2e;\"><strong><span style=\"text-decoration: underline;\">3- <\/span><u>Zusammenfassung der spirituellen Bedeutung der Struktur des Rosenkranzes in drei Rosenkr\u00e4nzen<\/u><\/strong><\/span><\/p><p>Die Bedeutung der Struktur des Rosenkranzes ist unglaublich logisch und hat viele Aspekte. Man kann unter anderem festhalten:<\/p><ul><li>Die drei Rosenkr\u00e4nze sind zu Ehren der drei Personen der Heiligen Dreifaltigkeit.<\/li><li>Sie sind eine Meditation \u00fcber die drei Mysterien der Erl\u00f6sung: Menschwerdung, Erl\u00f6sung, ewiges Leben<\/li><li>Sie veranschaulichen die drei Zust\u00e4nde der Kirche: freudige Mysterien \/ militante Kirche, schmerzhafte Mysterien \/ leidende Kirche, glorreiche Mysterien \/ triumphierende Kirche.<\/li><li>Sie bestehen aus 150 \"Gegr\u00fc\u00dfet seist du, Maria\" wie die 150 Psalmen Davids; diese Psalmen sind Teil des Breviers der Priester und der Rosenkranz ist somit eine Art Brevier der Gl\u00e4ubigen.<\/li><li>Zwischen dem 1.<sup>\u00e4ische Kommission<\/sup> Erscheinung in Fatima (13. Mai 17) und die letzte (13. Okt. 17) vor genau 150 Tagen.<\/li><\/ul><p>\u00a0<\/p><p><span style=\"color: #ab8c2e;\"><strong><u>Schlussfolgerung<\/u><\/strong><\/span><\/p><p>Der Rosenkranz, bestehend aus 150 Ave Maria\", die in drei Rosenkr\u00e4nze aufgeteilt sind, wurde dem Heiligen Dominikus im 13.<sup>\u00e8me<\/sup> Jahrhundert wurde von den P\u00e4psten und der Heiligen Jungfrau selbst in Fatima best\u00e4tigt. Seine Struktur in 150 \"Gegr\u00fc\u00dfet seist du, Maria\" wurde weder vom Himmel noch von der Kirche jemals ge\u00e4ndert. In Fatima forderte die Heilige Jungfrau die Meditation \u00fcber die \"? <strong><em>f\u00fcnfzehn Geheimnisse des Rosenkranzes<\/em><\/strong> \", (freudig, schmerzhaft und glorreich, die in Fatima gezeigt wurden), und wir m\u00fcssen daher ihre Bitte treu respektieren.<\/p>\t\t\t\t\t\t\t\t<\/div>\n\t\t\t\t<\/div>\n\t\t\t\t\t<\/div>\n\t\t<\/div>\n\t\t\t\t\t<\/div>\n\t\t<\/section>\n\t\t\t\t<section class=\"elementor-section elementor-top-section elementor-element elementor-element-48be42e elementor-section-boxed elementor-section-height-default elementor-section-height-default\" data-id=\"48be42e\" data-element_type=\"section\" data-e-type=\"section\">\n\t\t\t\t\t\t<div class=\"elementor-container elementor-column-gap-default\">\n\t\t\t\t\t<div class=\"elementor-column elementor-col-100 elementor-top-column elementor-element elementor-element-fe17f52\" data-id=\"fe17f52\" data-element_type=\"column\" data-e-type=\"column\">\n\t\t\t<div class=\"elementor-widget-wrap elementor-element-populated\">\n\t\t\t\t\t\t<div class=\"elementor-element elementor-element-33c05d9 elementor-widget elementor-widget-image\" data-id=\"33c05d9\" data-element_type=\"widget\" data-e-type=\"widget\" data-widget_type=\"image.default\">\n\t\t\t\t<div class=\"elementor-widget-container\">\n\t\t\t\t\t\t\t\t\t\t\t\t\t\t\t<img decoding=\"async\" width=\"474\" height=\"522\" src=\"https:\/\/salve-corda.org\/wp-content\/uploads\/2024\/04\/th-3923092254.jpg\" class=\"attachment-large size-large wp-image-12155\" alt=\"\" srcset=\"https:\/\/salve-corda.org\/wp-content\/uploads\/2024\/04\/th-3923092254.jpg 474w, https:\/\/salve-corda.org\/wp-content\/uploads\/2024\/04\/th-3923092254-272x300.jpg 272w\" sizes=\"(max-width: 474px) 100vw, 474px\" \/>\t\t\t\t\t\t\t\t\t\t\t\t\t\t\t<\/div>\n\t\t\t\t<\/div>\n\t\t\t\t\t<\/div>\n\t\t<\/div>\n\t\t\t\t\t<\/div>\n\t\t<\/section>\n\t\t\t\t<\/div>","protected":false},"excerpt":{"rendered":"<p>1- Ursprung des Rosenkranzes \"Der Rosenkranz wurde unter g\u00f6ttlicher Inspiration vom Heiligen Dominikus eingef\u00fchrt\" [1170-1221] Papst Leo XIII, Supremi Apostolatus Officio, 1. August 1883. Dies wird durch zahlreiche historische Fakten belegt. Die Wei\u00dfe K\u00f6nigin [...].<\/p>","protected":false},"author":2,"featured_media":12141,"comment_status":"closed","ping_status":"closed","sticky":false,"template":"","format":"standard","meta":{"footnotes":""},"categories":[1],"tags":[],"class_list":["post-12138","post","type-post","status-publish","format-standard","has-post-thumbnail","hentry","category-articles"],"_links":{"self":[{"href":"https:\/\/salve-corda.org\/de\/wp-json\/wp\/v2\/posts\/12138","targetHints":{"allow":["GET"]}}],"collection":[{"href":"https:\/\/salve-corda.org\/de\/wp-json\/wp\/v2\/posts"}],"about":[{"href":"https:\/\/salve-corda.org\/de\/wp-json\/wp\/v2\/types\/post"}],"author":[{"embeddable":true,"href":"https:\/\/salve-corda.org\/de\/wp-json\/wp\/v2\/users\/2"}],"replies":[{"embeddable":true,"href":"https:\/\/salve-corda.org\/de\/wp-json\/wp\/v2\/comments?post=12138"}],"version-history":[{"count":63,"href":"https:\/\/salve-corda.org\/de\/wp-json\/wp\/v2\/posts\/12138\/revisions"}],"predecessor-version":[{"id":12736,"href":"https:\/\/salve-corda.org\/de\/wp-json\/wp\/v2\/posts\/12138\/revisions\/12736"}],"wp:featuredmedia":[{"embeddable":true,"href":"https:\/\/salve-corda.org\/de\/wp-json\/wp\/v2\/media\/12141"}],"wp:attachment":[{"href":"https:\/\/salve-corda.org\/de\/wp-json\/wp\/v2\/media?parent=12138"}],"wp:term":[{"taxonomy":"category","embeddable":true,"href":"https:\/\/salve-corda.org\/de\/wp-json\/wp\/v2\/categories?post=12138"},{"taxonomy":"post_tag","embeddable":true,"href":"https:\/\/salve-corda.org\/de\/wp-json\/wp\/v2\/tags?post=12138"}],"curies":[{"name":"wp","href":"https:\/\/api.w.org\/{rel}","templated":true}]}}