{"id":12138,"date":"2024-04-28T15:44:02","date_gmt":"2024-04-28T13:44:02","guid":{"rendered":"https:\/\/salve-corda.org\/?p=12138"},"modified":"2024-05-13T09:45:28","modified_gmt":"2024-05-13T07:45:28","slug":"fiche-1-origine-et-structure-du-rosaire","status":"publish","type":"post","link":"https:\/\/salve-corda.org\/es\/fiche-1-origine-et-structure-du-rosaire\/","title":{"rendered":"Ficha 1 : Origen y estructura del Rosario"},"content":{"rendered":"<div data-elementor-type=\"wp-post\" data-elementor-id=\"12138\" class=\"elementor elementor-12138\">\n\t\t\t\t\t\t<section class=\"elementor-section elementor-top-section elementor-element elementor-element-0740088 elementor-section-boxed elementor-section-height-default elementor-section-height-default\" data-id=\"0740088\" data-element_type=\"section\" data-e-type=\"section\">\n\t\t\t\t\t\t<div class=\"elementor-container elementor-column-gap-default\">\n\t\t\t\t\t<div class=\"elementor-column elementor-col-100 elementor-top-column elementor-element elementor-element-8ad246e\" data-id=\"8ad246e\" data-element_type=\"column\" data-e-type=\"column\">\n\t\t\t<div class=\"elementor-widget-wrap elementor-element-populated\">\n\t\t\t\t\t\t<div class=\"elementor-element elementor-element-f0cdab3 elementor-widget elementor-widget-text-editor\" data-id=\"f0cdab3\" data-element_type=\"widget\" data-e-type=\"widget\" data-widget_type=\"text-editor.default\">\n\t\t\t\t<div class=\"elementor-widget-container\">\n\t\t\t\t\t\t\t\t\t<p><span style=\"color: #ab8c2e;\"><strong>1- <u>Origen del Rosario<\/u><\/strong><\/span><\/p><p><span style=\"color: #0000ff;\"><em>\"El Rosario fue instituido bajo inspiraci\u00f3n divina por Santo Domingo\".<\/em> <\/span><em>[1170-1221]\u00a0<\/em><\/p><p>Papa Le\u00f3n XIII, <em>Supremi Apostolatus Officio, 1<sup>er<\/sup> Agosto de 1883.<\/em><\/p><div><p>Muchos hechos hist\u00f3ricos as\u00ed lo atestiguan. La reina Blanca de Castilla, sin hijos tras doce a\u00f1os de matrimonio, recibi\u00f3 en 1212 la visita de Santo Domingo, quien le recomend\u00f3 rezar una oraci\u00f3n desconocida en la \u00e9poca: el Rosario.  Sigui\u00f3 su consejo, mand\u00f3 confeccionar y distribuir rosarios y, en 1214, dio a luz al futuro San Luis. Este buen Rey fue el primero en rezar el Rosario diariamente.<\/p><\/div>\t\t\t\t\t\t\t\t<\/div>\n\t\t\t\t<\/div>\n\t\t\t\t\t<\/div>\n\t\t<\/div>\n\t\t\t\t\t<\/div>\n\t\t<\/section>\n\t\t\t\t<section class=\"elementor-section elementor-top-section elementor-element elementor-element-2481451 elementor-section-boxed elementor-section-height-default elementor-section-height-default\" data-id=\"2481451\" data-element_type=\"section\" data-e-type=\"section\">\n\t\t\t\t\t\t<div class=\"elementor-container elementor-column-gap-default\">\n\t\t\t\t\t<div class=\"elementor-column elementor-col-33 elementor-top-column elementor-element elementor-element-dd6268b\" data-id=\"dd6268b\" data-element_type=\"column\" data-e-type=\"column\">\n\t\t\t<div class=\"elementor-widget-wrap elementor-element-populated\">\n\t\t\t\t\t\t<div class=\"elementor-element elementor-element-fbe12aa elementor-widget elementor-widget-image\" data-id=\"fbe12aa\" data-element_type=\"widget\" data-e-type=\"widget\" data-widget_type=\"image.default\">\n\t\t\t\t<div class=\"elementor-widget-container\">\n\t\t\t\t\t\t\t\t\t\t\t\t\t\t\t<img fetchpriority=\"high\" decoding=\"async\" width=\"523\" height=\"648\" src=\"https:\/\/salve-corda.org\/wp-content\/uploads\/2024\/04\/rosaire-image.png\" class=\"attachment-large size-large wp-image-12141\" alt=\"\" srcset=\"https:\/\/salve-corda.org\/wp-content\/uploads\/2024\/04\/rosaire-image.png 523w, https:\/\/salve-corda.org\/wp-content\/uploads\/2024\/04\/rosaire-image-242x300.png 242w\" sizes=\"(max-width: 523px) 100vw, 523px\" \/>\t\t\t\t\t\t\t\t\t\t\t\t\t\t\t<\/div>\n\t\t\t\t<\/div>\n\t\t\t\t\t<\/div>\n\t\t<\/div>\n\t\t\t\t<div class=\"elementor-column elementor-col-66 elementor-top-column elementor-element elementor-element-cda29e8 force-no-margin\" data-id=\"cda29e8\" data-element_type=\"column\" data-e-type=\"column\">\n\t\t\t<div class=\"elementor-widget-wrap elementor-element-populated\">\n\t\t\t\t\t\t<div class=\"elementor-element elementor-element-79de66b elementor-widget elementor-widget-text-editor\" data-id=\"79de66b\" data-element_type=\"widget\" data-e-type=\"widget\" data-widget_type=\"text-editor.default\">\n\t\t\t\t<div class=\"elementor-widget-container\">\n\t\t\t\t\t\t\t\t\t<p>Posteriormente, varios papas atestiguaron el origen del Rosario, dando lugar a <strong>Benedicto XIV <\/strong>(1740 - 1758) para escribir: <span style=\"color: #0000ff;\">\"...<em> tantos or\u00e1culos de los soberanos pont\u00edfices, de Le\u00f3n X, P\u00edo V, Gregorio XIII, Sixto V, Clemente VIII, Alejandro VII, Inocencio XI, Clemente XI, Inocencio XIII, Benedicto XIII y otros, todos un\u00e1nimes en atribuir a Santo Domingo la instituci\u00f3n del Rosario...\".<\/em><\/span><\/p><p><span style=\"color: #ab8c2e;\"><strong>2- <u>Estructura del Rosario en tres cuentas <\/u><\/strong><\/span><\/p><p><span style=\"color: #ab8c2e;\">2-1 La ense\u00f1anza un\u00e1nime de los papas<\/span><\/p><p><strong>Urbano IV \u00a0<\/strong><\/p><p>\u00a0En 1236 escribi\u00f3: <span style=\"color: #0000ff;\">\"\u00a0<em>Es un rito piadoso seg\u00fan el cual, contra los peligros que acechan al mundo, recitamos <strong>el Ave Mar\u00eda tantas veces como salmos de David<\/strong>, [150 ed.], precediendo cada decenio con la Oraci\u00f3n dominical. Con nuestra autorizaci\u00f3n apost\u00f3lica, <strong>aprobamos este salterio de la Virgen.<\/strong>\u00a0\" <\/em><\/span><\/p>\t\t\t\t\t\t\t\t<\/div>\n\t\t\t\t<\/div>\n\t\t\t\t\t<\/div>\n\t\t<\/div>\n\t\t\t\t\t<\/div>\n\t\t<\/section>\n\t\t\t\t<section class=\"elementor-section elementor-top-section elementor-element elementor-element-bf44d00 elementor-section-boxed elementor-section-height-default elementor-section-height-default\" data-id=\"bf44d00\" data-element_type=\"section\" data-e-type=\"section\">\n\t\t\t\t\t\t<div class=\"elementor-container elementor-column-gap-default\">\n\t\t\t\t\t<div class=\"elementor-column elementor-col-100 elementor-top-column elementor-element elementor-element-14fac92\" data-id=\"14fac92\" data-element_type=\"column\" data-e-type=\"column\">\n\t\t\t<div class=\"elementor-widget-wrap elementor-element-populated\">\n\t\t\t\t\t\t<div class=\"elementor-element elementor-element-5832878 elementor-widget elementor-widget-text-editor\" data-id=\"5832878\" data-element_type=\"widget\" data-e-type=\"widget\" data-widget_type=\"text-editor.default\">\n\t\t\t\t<div class=\"elementor-widget-container\">\n\t\t\t\t\t\t\t\t\t<p><strong>San P\u00edo V <\/strong><\/p><p>En 1569, fij\u00f3 definitivamente la forma del Rosario con la bula <em>Consueverunt romani Pontifices, <\/em>en el que dice muy claramente que Santo Domingo lo trajo a la Iglesia <span style=\"color: #0000ff;\">\" ... <em>una forma de oraci\u00f3n conocida como Rosario o Salterio de la Sant\u00edsima Virgen Mar\u00eda, que consiste en honrar a la Sant\u00edsima Virgen Mar\u00eda recitando <strong>150 <\/strong><\/em><strong>Ave Mar\u00eda<\/strong><em>De acuerdo con el n\u00famero de los salmos de David, a\u00f1adiendo a cada diez Aves la oraci\u00f3n dominical y la meditaci\u00f3n sobre los misterios de la vida de Nuestro Se\u00f1or Jesucristo.<\/em><\/span><\/p><p><strong>Le\u00f3n XIII<\/strong><\/p><p>En <em>L\u00e6titi\u00e6 sanct\u00e6<\/em> (8 de agosto de 1893) que <span style=\"color: #0000ff;\">\" <strong><em>tres<\/em><\/strong><em> las principales causas del desorden del pueblo encuentran sus remedios en la <strong>tres<\/strong> serie de misterios.<\/em><\/span><\/p><p><strong>Pablo VI <\/strong><\/p><p>En la \u00e9poca del Concilio Vaticano II, los detractores quer\u00edan modificar el Rosario y <strong>Pablo VI se neg\u00f3 rotundamente<\/strong>\u00a0:<\/p><p>1973 <span style=\"color: #0000ff;\">\" <em>El rosario debe <strong>siguen siendo \u00fanicos en su forma e inalterados<\/strong> en comparaci\u00f3n con su nivel actual. <\/em>\"<\/span><\/p><p><span style=\"color: #ab8c2e;\">2-2 La carta apost\u00f3lica de Juan Pablo II<\/span><\/p><p>En 2002, Juan Pablo II firm\u00f3 un <strong>carta apost\u00f3lica<\/strong> <em>Rosarium Virginis Mariae.<\/em>\u00a0Ha habido mucha confusi\u00f3n sobre esta carta del Papa, y merece la pena se\u00f1alar varias cosas importantes:<\/p><ul><li>No crea ninguna obligaci\u00f3n porque un <strong>carta apost\u00f3lica es materia de libre apreciaci\u00f3n de los fieles<\/strong> y lo reitera en su carta.<\/li><li>el <em>Misterios gozosos<\/em> concernent la vie du Christ de son Incarnation jusqu\u2019\u00e0 l\u2019institution de l\u2019Eucharistie. La tradition nous a apport\u00e9 les cinq myst\u00e8res que nous connaissons, portant sur le vie cach\u00e9e de J\u00e9sus, mais l\u2019\u00c9glise ne les a jamais fig\u00e9s. Des pr\u00e9dicateurs, dans les si\u00e8cles pass\u00e9s, ont fait des m\u00e9ditations sur d&#8217;autres passages de la vie de Notre Seigneur.<\/li><li>Les th\u00e8mes des myst\u00e8res n&#8217;\u00e9tant pas fig\u00e9s, Jean Paul II a suivi cette pratique et a\u00a0 propos\u00e9\u00a0 de m\u00e9diter des passages de la vie publique de J\u00e9sus les appelant &#8220;lumineux&#8221; pour les distinguer des myst\u00e8res de la vie cach\u00e9s de J\u00e9sus.<\/li><li>Nunca indic\u00f3 que la estructura del Rosario hubiera cambiado y que hubiera que rezar 200 Avemar\u00edas. Prueba de ello es que no cambi\u00f3 la estructura del Rosario en el repertorio oficial publicado por la Santa Sede, <em>El Enchiridion Indulgentiarum\u00a0<\/em>en el que se mantiene la estructura de 15 decenas.<\/li><\/ul><p>Por tanto, los fieles son libres de ignorar estos misterios, o de meditarlos en los Misterios gozosos, o de hacer un rosario aparte durante la semana con estos temas, o incluso de elegir otros pasajes de la vida de Jes\u00fas.<\/p><p><span style=\"color: #ab8c2e;\">2-3 F\u00e1tima: la gran confirmaci\u00f3n de la estructura del Rosario por la misma Sant\u00edsima Virgen<\/span><\/p><p>El 13 de octubre de 1917, despu\u00e9s de decir que se llamaba <strong>Nuestra Se\u00f1ora del Rosario<\/strong>la Sant\u00edsima Virgen mostr\u00f3 a los peque\u00f1os videntes tres im\u00e1genes que representaban las tres series de los misterios del Rosario:<\/p><ul><li>la Sagrada Familia, que ilustra <strong>misterios gozosos<\/strong> ;<\/li><li>Nuestra Se\u00f1ora de los Dolores, con Nuestro Se\u00f1or a su lado ilustrando la <strong>misterios dolorosos<\/strong> ;<\/li><li>Nuestra Se\u00f1ora del Carmen sosteniendo un escapulario en la mano, ilustrando la <strong>misterios gloriosos<\/strong>.<\/li><\/ul><p>Despu\u00e9s, el 10 de diciembre de 1925, la Sant\u00edsima Virgen confirm\u00f3 la estructura del Rosario. Durante su aparici\u00f3n a Sor Luc\u00eda de F\u00e1tima el \"primer s\u00e1bado del mes\", les pidi\u00f3 que meditaran durante quince minutos sobre el Rosario.\u00a0<strong><em>sobre los quince misterios del Rosario <\/em><\/strong><em>con esp\u00edritu de reparaci\u00f3n\".\u00a0<\/em><\/p><p><span style=\"color: #ab8c2e;\">2-4<u>\u00a0Las nuevas oraciones del \"rosario<\/u><\/span><\/p><p>En los \u00faltimos a\u00f1os, han aparecido nuevas oraciones que se llaman \"rosarios\" (por ejemplo, la Coronilla de la Misericordia). El t\u00e9rmino utilizado tambi\u00e9n es \"rosario\", lo que puede llevar a confusi\u00f3n.\u00a0<\/p><p>Por lo tanto, es importante distinguir claramente entre <b>Rosario <\/b>demand\u00e9 \u00e0 Fatima avec ces nouveaux\u00a0 &#8220;chapelets&#8221; qui sont sans liens avec Fatima. A Fatima, la Saint Vierge a bien demand\u00e9 exclusivement la r\u00e9citation <strong>del Rosario <\/strong>sobre todo el primer s\u00e1bado de cada mes.<\/p><p><span style=\"color: #ab8c2e;\"><strong><span style=\"text-decoration: underline;\">3- <\/span><u>Resumen del significado espiritual de la estructura del Rosario en tres cuentas<\/u><\/strong><\/span><\/p><p>El significado de la estructura del Rosario es incre\u00edblemente l\u00f3gico y tiene muchos aspectos. Estos incluyen:<\/p><ul><li>Los tres rosarios hacen honor a las tres personas de la Sant\u00edsima Trinidad.<\/li><li>Son una meditaci\u00f3n sobre los tres misterios de la salvaci\u00f3n: la encarnaci\u00f3n, la redenci\u00f3n y la vida eterna.<\/li><li>Ilustran los tres estados de la Iglesia: Misterios gozosos \/ Iglesia militante, Misterios dolorosos \/ Iglesia sufriente, Misterios gloriosos \/ Iglesia triunfante.<\/li><li>Se componen de 150 \"Avemar\u00edas\", como los 150 salmos de David; estos salmos forman parte del breviario de los sacerdotes y el Rosario es, por tanto, una especie de breviario para los fieles.<\/li><li>Entre el 1<sup>era<\/sup> aparici\u00f3n de F\u00e1tima (13.5.17) y la \u00faltima (13.10.17) hace exactamente 150 d\u00edas.<\/li><\/ul><p>\u00a0<\/p><p><span style=\"color: #ab8c2e;\"><strong><u>Conclusi\u00f3n<\/u><\/strong><\/span><\/p><p>El Rosario, compuesto por 150 Avemar\u00edas divididas en tres cuentas, fue entregado a Santo Domingo en el siglo XIII.<sup>th<\/sup> Fue confirmada por los Papas y por la misma Sant\u00edsima Virgen en F\u00e1tima. Su estructura en 150 Avemar\u00edas nunca ha sido modificada ni por el Cielo ni por la Iglesia. En F\u00e1tima, Nuestra Se\u00f1ora pidi\u00f3 la meditaci\u00f3n de las \"Avemar\u00edas\". <strong><em>los quince misterios del Rosario<\/em><\/strong> \"Por lo tanto, debemos respetar fielmente su petici\u00f3n.<\/p>\t\t\t\t\t\t\t\t<\/div>\n\t\t\t\t<\/div>\n\t\t\t\t\t<\/div>\n\t\t<\/div>\n\t\t\t\t\t<\/div>\n\t\t<\/section>\n\t\t\t\t<section class=\"elementor-section elementor-top-section elementor-element elementor-element-48be42e elementor-section-boxed elementor-section-height-default elementor-section-height-default\" data-id=\"48be42e\" data-element_type=\"section\" data-e-type=\"section\">\n\t\t\t\t\t\t<div class=\"elementor-container elementor-column-gap-default\">\n\t\t\t\t\t<div class=\"elementor-column elementor-col-100 elementor-top-column elementor-element elementor-element-fe17f52\" data-id=\"fe17f52\" data-element_type=\"column\" data-e-type=\"column\">\n\t\t\t<div class=\"elementor-widget-wrap elementor-element-populated\">\n\t\t\t\t\t\t<div class=\"elementor-element elementor-element-33c05d9 elementor-widget elementor-widget-image\" data-id=\"33c05d9\" data-element_type=\"widget\" data-e-type=\"widget\" data-widget_type=\"image.default\">\n\t\t\t\t<div class=\"elementor-widget-container\">\n\t\t\t\t\t\t\t\t\t\t\t\t\t\t\t<img decoding=\"async\" width=\"474\" height=\"522\" src=\"https:\/\/salve-corda.org\/wp-content\/uploads\/2024\/04\/th-3923092254.jpg\" class=\"attachment-large size-large wp-image-12155\" alt=\"\" srcset=\"https:\/\/salve-corda.org\/wp-content\/uploads\/2024\/04\/th-3923092254.jpg 474w, https:\/\/salve-corda.org\/wp-content\/uploads\/2024\/04\/th-3923092254-272x300.jpg 272w\" sizes=\"(max-width: 474px) 100vw, 474px\" \/>\t\t\t\t\t\t\t\t\t\t\t\t\t\t\t<\/div>\n\t\t\t\t<\/div>\n\t\t\t\t\t<\/div>\n\t\t<\/div>\n\t\t\t\t\t<\/div>\n\t\t<\/section>\n\t\t\t\t<\/div>","protected":false},"excerpt":{"rendered":"<p>1- Origen del Rosario \"El Rosario fue instituido bajo inspiraci\u00f3n divina por Santo Domingo\" [1170-1221] Papa Le\u00f3n XIII, Supremi Apostolatus Officio, 1 de agosto de 1883. Numerosos hechos hist\u00f3ricos lo atestiguan. La Reina Blanca [...]<\/p>","protected":false},"author":2,"featured_media":12141,"comment_status":"closed","ping_status":"closed","sticky":false,"template":"","format":"standard","meta":{"footnotes":""},"categories":[1],"tags":[],"class_list":["post-12138","post","type-post","status-publish","format-standard","has-post-thumbnail","hentry","category-articles"],"_links":{"self":[{"href":"https:\/\/salve-corda.org\/es\/wp-json\/wp\/v2\/posts\/12138","targetHints":{"allow":["GET"]}}],"collection":[{"href":"https:\/\/salve-corda.org\/es\/wp-json\/wp\/v2\/posts"}],"about":[{"href":"https:\/\/salve-corda.org\/es\/wp-json\/wp\/v2\/types\/post"}],"author":[{"embeddable":true,"href":"https:\/\/salve-corda.org\/es\/wp-json\/wp\/v2\/users\/2"}],"replies":[{"embeddable":true,"href":"https:\/\/salve-corda.org\/es\/wp-json\/wp\/v2\/comments?post=12138"}],"version-history":[{"count":63,"href":"https:\/\/salve-corda.org\/es\/wp-json\/wp\/v2\/posts\/12138\/revisions"}],"predecessor-version":[{"id":12736,"href":"https:\/\/salve-corda.org\/es\/wp-json\/wp\/v2\/posts\/12138\/revisions\/12736"}],"wp:featuredmedia":[{"embeddable":true,"href":"https:\/\/salve-corda.org\/es\/wp-json\/wp\/v2\/media\/12141"}],"wp:attachment":[{"href":"https:\/\/salve-corda.org\/es\/wp-json\/wp\/v2\/media?parent=12138"}],"wp:term":[{"taxonomy":"category","embeddable":true,"href":"https:\/\/salve-corda.org\/es\/wp-json\/wp\/v2\/categories?post=12138"},{"taxonomy":"post_tag","embeddable":true,"href":"https:\/\/salve-corda.org\/es\/wp-json\/wp\/v2\/tags?post=12138"}],"curies":[{"name":"wp","href":"https:\/\/api.w.org\/{rel}","templated":true}]}}