{"id":12138,"date":"2024-04-28T15:44:02","date_gmt":"2024-04-28T13:44:02","guid":{"rendered":"https:\/\/salve-corda.org\/?p=12138"},"modified":"2024-05-13T09:45:28","modified_gmt":"2024-05-13T07:45:28","slug":"fiche-1-origine-et-structure-du-rosaire","status":"publish","type":"post","link":"https:\/\/salve-corda.org\/it\/fiche-1-origine-et-structure-du-rosaire\/","title":{"rendered":"Scheda 1 : Origine e struttura del Rosario"},"content":{"rendered":"<div data-elementor-type=\"wp-post\" data-elementor-id=\"12138\" class=\"elementor elementor-12138\">\n\t\t\t\t\t\t<section class=\"elementor-section elementor-top-section elementor-element elementor-element-0740088 elementor-section-boxed elementor-section-height-default elementor-section-height-default\" data-id=\"0740088\" data-element_type=\"section\" data-e-type=\"section\">\n\t\t\t\t\t\t<div class=\"elementor-container elementor-column-gap-default\">\n\t\t\t\t\t<div class=\"elementor-column elementor-col-100 elementor-top-column elementor-element elementor-element-8ad246e\" data-id=\"8ad246e\" data-element_type=\"column\" data-e-type=\"column\">\n\t\t\t<div class=\"elementor-widget-wrap elementor-element-populated\">\n\t\t\t\t\t\t<div class=\"elementor-element elementor-element-f0cdab3 elementor-widget elementor-widget-text-editor\" data-id=\"f0cdab3\" data-element_type=\"widget\" data-e-type=\"widget\" data-widget_type=\"text-editor.default\">\n\t\t\t\t<div class=\"elementor-widget-container\">\n\t\t\t\t\t\t\t\t\t<p><span style=\"color: #ab8c2e;\"><strong>1- <u>Origine del Rosario<\/u><\/strong><\/span><\/p><p><span style=\"color: #0000ff;\"><em>\"Il Rosario \u00e8 stato istituito per ispirazione divina da San Domenico\".<\/em> <\/span><em>[1170-1221]\u00a0<\/em><\/p><p>Papa Leone XIII, <em>Supremi Apostolatus Officio, 1<sup>er<\/sup> Agosto 1883.<\/em><\/p><div><p>Molti fatti storici lo testimoniano. La regina Bianca di Castiglia, non avendo avuto figli dopo dodici anni di matrimonio, nel 1212 ricevette la visita di San Domenico, che le raccomand\u00f2 di recitare una preghiera allora sconosciuta: il Rosario.  Segu\u00ec il suo consiglio, fece confezionare e distribuire i rosari e nel 1214 diede alla luce il futuro San Luigi. Questo buon re fu il primo a recitare il Rosario ogni giorno.<\/p><\/div>\t\t\t\t\t\t\t\t<\/div>\n\t\t\t\t<\/div>\n\t\t\t\t\t<\/div>\n\t\t<\/div>\n\t\t\t\t\t<\/div>\n\t\t<\/section>\n\t\t\t\t<section class=\"elementor-section elementor-top-section elementor-element elementor-element-2481451 elementor-section-boxed elementor-section-height-default elementor-section-height-default\" data-id=\"2481451\" data-element_type=\"section\" data-e-type=\"section\">\n\t\t\t\t\t\t<div class=\"elementor-container elementor-column-gap-default\">\n\t\t\t\t\t<div class=\"elementor-column elementor-col-33 elementor-top-column elementor-element elementor-element-dd6268b\" data-id=\"dd6268b\" data-element_type=\"column\" data-e-type=\"column\">\n\t\t\t<div class=\"elementor-widget-wrap elementor-element-populated\">\n\t\t\t\t\t\t<div class=\"elementor-element elementor-element-fbe12aa elementor-widget elementor-widget-image\" data-id=\"fbe12aa\" data-element_type=\"widget\" data-e-type=\"widget\" data-widget_type=\"image.default\">\n\t\t\t\t<div class=\"elementor-widget-container\">\n\t\t\t\t\t\t\t\t\t\t\t\t\t\t\t<img fetchpriority=\"high\" decoding=\"async\" width=\"523\" height=\"648\" src=\"https:\/\/salve-corda.org\/wp-content\/uploads\/2024\/04\/rosaire-image.png\" class=\"attachment-large size-large wp-image-12141\" alt=\"\" srcset=\"https:\/\/salve-corda.org\/wp-content\/uploads\/2024\/04\/rosaire-image.png 523w, https:\/\/salve-corda.org\/wp-content\/uploads\/2024\/04\/rosaire-image-242x300.png 242w\" sizes=\"(max-width: 523px) 100vw, 523px\" \/>\t\t\t\t\t\t\t\t\t\t\t\t\t\t\t<\/div>\n\t\t\t\t<\/div>\n\t\t\t\t\t<\/div>\n\t\t<\/div>\n\t\t\t\t<div class=\"elementor-column elementor-col-66 elementor-top-column elementor-element elementor-element-cda29e8 force-no-margin\" data-id=\"cda29e8\" data-element_type=\"column\" data-e-type=\"column\">\n\t\t\t<div class=\"elementor-widget-wrap elementor-element-populated\">\n\t\t\t\t\t\t<div class=\"elementor-element elementor-element-79de66b elementor-widget elementor-widget-text-editor\" data-id=\"79de66b\" data-element_type=\"widget\" data-e-type=\"widget\" data-widget_type=\"text-editor.default\">\n\t\t\t\t<div class=\"elementor-widget-container\">\n\t\t\t\t\t\t\t\t\t<p>In seguito, diversi papi hanno attestato l'origine del rosario, portando a <strong>Benedetto XIV <\/strong>(1740 - 1758) per scrivere: <span style=\"color: #0000ff;\">\"...<em> tanti oracoli dei sovrani pontefici, di Leone X, Pio V, Gregorio XIII, Sisto V, Clemente VIII, Alessandro VII, Innocenzo XI, Clemente XI, Innocenzo XIII, Benedetto XIII e altri, tutti unanimi nell'attribuire a san Domenico l'istituzione del Rosario...\".<\/em><\/span><\/p><p><span style=\"color: #ab8c2e;\"><strong>2- <u>Struttura del Rosario in tre grani <\/u><\/strong><\/span><\/p><p><span style=\"color: #ab8c2e;\">2-1 L'insegnamento unanime dei papi<\/span><\/p><p><strong>Urbano IV \u00a0<\/strong><\/p><p>\u00a0Nel 1236 scrisse: <span style=\"color: #0000ff;\">\"\u00a0<em>Si tratta di un rito pio secondo il quale, contro i pericoli che incombono sul mondo, recitiamo <strong>l'Ave Maria tante volte quanti sono i salmi di Davide<\/strong>, [150 ed.], facendo precedere ogni decade dall'Orazione domenicale. Con la nostra autorit\u00e0 apostolica, <strong>approviamo questo salterio della Vergine.<\/strong>\u00a0\" <\/em><\/span><\/p>\t\t\t\t\t\t\t\t<\/div>\n\t\t\t\t<\/div>\n\t\t\t\t\t<\/div>\n\t\t<\/div>\n\t\t\t\t\t<\/div>\n\t\t<\/section>\n\t\t\t\t<section class=\"elementor-section elementor-top-section elementor-element elementor-element-bf44d00 elementor-section-boxed elementor-section-height-default elementor-section-height-default\" data-id=\"bf44d00\" data-element_type=\"section\" data-e-type=\"section\">\n\t\t\t\t\t\t<div class=\"elementor-container elementor-column-gap-default\">\n\t\t\t\t\t<div class=\"elementor-column elementor-col-100 elementor-top-column elementor-element elementor-element-14fac92\" data-id=\"14fac92\" data-element_type=\"column\" data-e-type=\"column\">\n\t\t\t<div class=\"elementor-widget-wrap elementor-element-populated\">\n\t\t\t\t\t\t<div class=\"elementor-element elementor-element-5832878 elementor-widget elementor-widget-text-editor\" data-id=\"5832878\" data-element_type=\"widget\" data-e-type=\"widget\" data-widget_type=\"text-editor.default\">\n\t\t\t\t<div class=\"elementor-widget-container\">\n\t\t\t\t\t\t\t\t\t<p><strong>San Pio V <\/strong><\/p><p>Nel 1569 fiss\u00f2 definitivamente la forma del Rosario con la bolla <em>Consueverunt romani Pontifices, <\/em>in cui afferma molto chiaramente che San Domenico la port\u00f2 alla Chiesa <span style=\"color: #0000ff;\">\" ... <em>una forma di preghiera nota come Rosario o Salterio della Beata Vergine Maria, che consiste nel rendere onore alla Beata Vergine Maria recitando <strong>150 <\/strong><\/em><strong>Ave Maria<\/strong><em>Secondo il numero dei salmi di Davide, aggiungendo a ogni dieci Aves la preghiera domenicale e la meditazione sui misteri della vita di Nostro Signore Ges\u00f9 Cristo.<\/em><\/span><\/p><p><strong>Leone XIII<\/strong><\/p><p>In <em>L\u00e6titi\u00e6 sanct\u00e6<\/em> (8 agosto 1893) che <span style=\"color: #0000ff;\">\" <strong><em>tre<\/em><\/strong><em> le principali cause del disordine del popolo trovano il loro rimedio nella <strong>tre<\/strong> serie di misteri.<\/em><\/span><\/p><p><strong>Paolo VI <\/strong><\/p><p>All'epoca del Concilio Vaticano II, i detrattori volevano modificare il rosario e <strong>Paolo VI rifiut\u00f2 categoricamente<\/strong>\u00a0:<\/p><p>1973 <span style=\"color: #0000ff;\">\" <em>Il rosario deve <strong>rimangono unici nella forma e immutati<\/strong> di oggi. <\/em>\"<\/span><\/p><p><span style=\"color: #ab8c2e;\">2-2 La lettera apostolica di Giovanni Paolo II<\/span><\/p><p>Nel 2002, Giovanni Paolo II ha firmato un <strong>lettera apostolica<\/strong> <em>Rosarium Virginis Mariae.<\/em>\u00a0C'\u00e8 stata molta confusione su questa lettera del Papa, e vale la pena sottolineare alcune cose importanti:<\/p><ul><li>Non crea alcun obbligo perch\u00e9 un <strong>lettera apostolica \u00e8 materia di libero apprezzamento da parte dei fedeli.<\/strong> e lo ribadisce nella sua lettera.<\/li><li>il <em>Misteri della gioia<\/em> concernent la vie du Christ de son Incarnation jusqu\u2019\u00e0 l\u2019institution de l\u2019Eucharistie. La tradition nous a apport\u00e9 les cinq myst\u00e8res que nous connaissons, portant sur le vie cach\u00e9e de J\u00e9sus, mais l\u2019\u00c9glise ne les a jamais fig\u00e9s. Des pr\u00e9dicateurs, dans les si\u00e8cles pass\u00e9s, ont fait des m\u00e9ditations sur d&#8217;autres passages de la vie de Notre Seigneur.<\/li><li>Les th\u00e8mes des myst\u00e8res n&#8217;\u00e9tant pas fig\u00e9s, Jean Paul II a suivi cette pratique et a\u00a0 propos\u00e9\u00a0 de m\u00e9diter des passages de la vie publique de J\u00e9sus les appelant &#8220;lumineux&#8221; pour les distinguer des myst\u00e8res de la vie cach\u00e9s de J\u00e9sus.<\/li><li>Non ha mai indicato che la struttura del Rosario fosse cambiata e che si dovessero recitare 200 Ave Maria. La prova \u00e8 che non ha cambiato la struttura del Rosario nel repertorio ufficiale pubblicato dalla Santa Sede, <em>L'Enchiridion Indulgentiarum\u00a0<\/em>in cui la struttura a 15 decimi \u00e8 ancora conservata.<\/li><\/ul><p>I fedeli sono quindi liberi di ignorare questi misteri, o di meditarli nei Misteri Gaudiosi, o di fare un rosario a parte durante la settimana con questi temi, o anche di scegliere altri passaggi della vita di Ges\u00f9.<\/p><p><span style=\"color: #ab8c2e;\">2-3 Fatima: la grande conferma della struttura del Rosario da parte della Vergine stessa<\/span><\/p><p>Il 13 ottobre 1917, dopo aver detto che il suo nome era <strong>Nostra Signora del Rosario<\/strong>la Beata Vergine mostr\u00f2 ai piccoli veggenti tre immagini che rappresentavano le tre serie dei misteri del Rosario:<\/p><ul><li>la Sacra Famiglia, illustrando <strong>misteri gioiosi<\/strong> ;<\/li><li>La Madonna Addolorata, con accanto Nostro Signore che illustra la <strong>misteri dolorosi<\/strong> ;<\/li><li>Nostra Signora del Monte Carmelo che tiene in mano uno scapolare, illustrando la <strong>misteri gloriosi<\/strong>.<\/li><\/ul><p>Poi, il 10 dicembre 1925, la Beata Vergine conferm\u00f2 la struttura del Rosario. Durante l'apparizione a suor Lucia di Fatima, il \"primo sabato del mese\", chiese loro di meditare per quindici minuti sul Rosario.\u00a0<strong><em>sui quindici misteri del Rosario <\/em><\/strong><em>in spirito di riparazione\".\u00a0<\/em><\/p><p><span style=\"color: #ab8c2e;\">2-4<u>\u00a0Le nuove preghiere del \"rosario<\/u><\/span><\/p><p>Negli ultimi anni sono apparse nuove preghiere che vengono chiamate \"rosari\" (ad esempio, la Coroncina della Misericordia). Il termine utilizzato \u00e8 anche \"rosario\", il che pu\u00f2 generare confusione.\u00a0<\/p><p>\u00c8 quindi importante fare una chiara distinzione tra <b>Rosario <\/b>demand\u00e9 \u00e0 Fatima avec ces nouveaux\u00a0 &#8220;chapelets&#8221; qui sont sans liens avec Fatima. A Fatima, la Saint Vierge a bien demand\u00e9 exclusivement la r\u00e9citation <strong>del Rosario <\/strong>soprattutto il primo sabato del mese.<\/p><p><span style=\"color: #ab8c2e;\"><strong><span style=\"text-decoration: underline;\">3- <\/span><u>Sintesi del significato spirituale della struttura del Rosario in tre grani<\/u><\/strong><\/span><\/p><p>Il significato della struttura del Rosario \u00e8 incredibilmente logico e presenta molti aspetti. Questi includono:<\/p><ul><li>I tre rosari sono in onore delle tre persone della Santissima Trinit\u00e0.<\/li><li>Sono una meditazione sui tre misteri della salvezza: incarnazione, redenzione e vita eterna.<\/li><li>Essi illustrano i tre stati della Chiesa: Misteri gaudiosi \/ Chiesa militante, Misteri dolorosi \/ Chiesa sofferente, Misteri gloriosi \/ Chiesa trionfante.<\/li><li>Sono composti da 150 \"Ave Maria\" come i 150 salmi di Davide; questi salmi fanno parte del breviario dei sacerdoti e il Rosario \u00e8 quindi una sorta di breviario per i fedeli.<\/li><li>Tra il 1<sup>epoca<\/sup> di Fatima (13 maggio 17) e l'ultima (13 ottobre 17) esattamente 150 giorni fa.<\/li><\/ul><p>\u00a0<\/p><p><span style=\"color: #ab8c2e;\"><strong><u>Conclusione<\/u><\/strong><\/span><\/p><p>Il Rosario, composto da 150 Ave Maria divise in tre grani, fu donato a San Domenico nel XIII secolo.<sup>th<\/sup> \u00c8 stata confermata dai Papi e dalla stessa Vergine a Fatima. La sua struttura in 150 \"Ave Maria\" non \u00e8 mai stata cambiata n\u00e9 dal Cielo n\u00e9 dalla Chiesa. A Fatima, la Madonna ha chiesto di meditare sulle \"Ave Maria\". <strong><em>I quindici misteri del Rosario<\/em><\/strong> \"Dobbiamo quindi rispettare fedelmente la sua richiesta.<\/p>\t\t\t\t\t\t\t\t<\/div>\n\t\t\t\t<\/div>\n\t\t\t\t\t<\/div>\n\t\t<\/div>\n\t\t\t\t\t<\/div>\n\t\t<\/section>\n\t\t\t\t<section class=\"elementor-section elementor-top-section elementor-element elementor-element-48be42e elementor-section-boxed elementor-section-height-default elementor-section-height-default\" data-id=\"48be42e\" data-element_type=\"section\" data-e-type=\"section\">\n\t\t\t\t\t\t<div class=\"elementor-container elementor-column-gap-default\">\n\t\t\t\t\t<div class=\"elementor-column elementor-col-100 elementor-top-column elementor-element elementor-element-fe17f52\" data-id=\"fe17f52\" data-element_type=\"column\" data-e-type=\"column\">\n\t\t\t<div class=\"elementor-widget-wrap elementor-element-populated\">\n\t\t\t\t\t\t<div class=\"elementor-element elementor-element-33c05d9 elementor-widget elementor-widget-image\" data-id=\"33c05d9\" data-element_type=\"widget\" data-e-type=\"widget\" data-widget_type=\"image.default\">\n\t\t\t\t<div class=\"elementor-widget-container\">\n\t\t\t\t\t\t\t\t\t\t\t\t\t\t\t<img decoding=\"async\" width=\"474\" height=\"522\" src=\"https:\/\/salve-corda.org\/wp-content\/uploads\/2024\/04\/th-3923092254.jpg\" class=\"attachment-large size-large wp-image-12155\" alt=\"\" srcset=\"https:\/\/salve-corda.org\/wp-content\/uploads\/2024\/04\/th-3923092254.jpg 474w, https:\/\/salve-corda.org\/wp-content\/uploads\/2024\/04\/th-3923092254-272x300.jpg 272w\" sizes=\"(max-width: 474px) 100vw, 474px\" \/>\t\t\t\t\t\t\t\t\t\t\t\t\t\t\t<\/div>\n\t\t\t\t<\/div>\n\t\t\t\t\t<\/div>\n\t\t<\/div>\n\t\t\t\t\t<\/div>\n\t\t<\/section>\n\t\t\t\t<\/div>","protected":false},"excerpt":{"rendered":"<p>1- Origine del Rosario \"Il Rosario \u00e8 stato istituito per ispirazione divina da San Domenico\" [1170-1221] Papa Leone XIII, Supremi Apostolatus Officio, 1 agosto 1883. Numerosi fatti storici lo attestano. La Regina Bianca [...]<\/p>","protected":false},"author":2,"featured_media":12141,"comment_status":"closed","ping_status":"closed","sticky":false,"template":"","format":"standard","meta":{"footnotes":""},"categories":[1],"tags":[],"class_list":["post-12138","post","type-post","status-publish","format-standard","has-post-thumbnail","hentry","category-articles"],"_links":{"self":[{"href":"https:\/\/salve-corda.org\/it\/wp-json\/wp\/v2\/posts\/12138","targetHints":{"allow":["GET"]}}],"collection":[{"href":"https:\/\/salve-corda.org\/it\/wp-json\/wp\/v2\/posts"}],"about":[{"href":"https:\/\/salve-corda.org\/it\/wp-json\/wp\/v2\/types\/post"}],"author":[{"embeddable":true,"href":"https:\/\/salve-corda.org\/it\/wp-json\/wp\/v2\/users\/2"}],"replies":[{"embeddable":true,"href":"https:\/\/salve-corda.org\/it\/wp-json\/wp\/v2\/comments?post=12138"}],"version-history":[{"count":63,"href":"https:\/\/salve-corda.org\/it\/wp-json\/wp\/v2\/posts\/12138\/revisions"}],"predecessor-version":[{"id":12736,"href":"https:\/\/salve-corda.org\/it\/wp-json\/wp\/v2\/posts\/12138\/revisions\/12736"}],"wp:featuredmedia":[{"embeddable":true,"href":"https:\/\/salve-corda.org\/it\/wp-json\/wp\/v2\/media\/12141"}],"wp:attachment":[{"href":"https:\/\/salve-corda.org\/it\/wp-json\/wp\/v2\/media?parent=12138"}],"wp:term":[{"taxonomy":"category","embeddable":true,"href":"https:\/\/salve-corda.org\/it\/wp-json\/wp\/v2\/categories?post=12138"},{"taxonomy":"post_tag","embeddable":true,"href":"https:\/\/salve-corda.org\/it\/wp-json\/wp\/v2\/tags?post=12138"}],"curies":[{"name":"wp","href":"https:\/\/api.w.org\/{rel}","templated":true}]}}