{"id":12138,"date":"2024-04-28T15:44:02","date_gmt":"2024-04-28T13:44:02","guid":{"rendered":"https:\/\/salve-corda.org\/?p=12138"},"modified":"2024-05-13T09:45:28","modified_gmt":"2024-05-13T07:45:28","slug":"fiche-1-origine-et-structure-du-rosaire","status":"publish","type":"post","link":"https:\/\/salve-corda.org\/pt\/fiche-1-origine-et-structure-du-rosaire\/","title":{"rendered":"Ficha 1 : Origem e estrutura do Ros\u00e1rio"},"content":{"rendered":"<div data-elementor-type=\"wp-post\" data-elementor-id=\"12138\" class=\"elementor elementor-12138\">\n\t\t\t\t\t\t<section class=\"elementor-section elementor-top-section elementor-element elementor-element-0740088 elementor-section-boxed elementor-section-height-default elementor-section-height-default\" data-id=\"0740088\" data-element_type=\"section\" data-e-type=\"section\">\n\t\t\t\t\t\t<div class=\"elementor-container elementor-column-gap-default\">\n\t\t\t\t\t<div class=\"elementor-column elementor-col-100 elementor-top-column elementor-element elementor-element-8ad246e\" data-id=\"8ad246e\" data-element_type=\"column\" data-e-type=\"column\">\n\t\t\t<div class=\"elementor-widget-wrap elementor-element-populated\">\n\t\t\t\t\t\t<div class=\"elementor-element elementor-element-f0cdab3 elementor-widget elementor-widget-text-editor\" data-id=\"f0cdab3\" data-element_type=\"widget\" data-e-type=\"widget\" data-widget_type=\"text-editor.default\">\n\t\t\t\t<div class=\"elementor-widget-container\">\n\t\t\t\t\t\t\t\t\t<p><span style=\"color: #ab8c2e;\"><strong>1- <u>Origem do Ros\u00e1rio<\/u><\/strong><\/span><\/p><p><span style=\"color: #0000ff;\"><em>\"O Ros\u00e1rio foi institu\u00eddo sob inspira\u00e7\u00e3o divina por S\u00e3o Domingos\".<\/em> <\/span><em>[1170-1221]\u00a0<\/em><\/p><p>Papa Le\u00e3o XIII, <em>Supremi Apostolatus Officio, 1<sup>er<\/sup> agosto de 1883.<\/em><\/p><div><p>Muitos factos hist\u00f3ricos o atestam. A rainha Blanche de Castela, sem filhos ap\u00f3s doze anos de casamento, recebeu a visita de S\u00e3o Domingos em 1212, que lhe recomendou que recitasse uma ora\u00e7\u00e3o desconhecida na altura: o Ros\u00e1rio.  Ela seguiu o seu conselho, mandou fazer e distribuir ros\u00e1rios e, em 1214, deu \u00e0 luz o futuro S\u00e3o Lu\u00eds. Este bom Rei foi o primeiro a rezar o Ros\u00e1rio diariamente.<\/p><\/div>\t\t\t\t\t\t\t\t<\/div>\n\t\t\t\t<\/div>\n\t\t\t\t\t<\/div>\n\t\t<\/div>\n\t\t\t\t\t<\/div>\n\t\t<\/section>\n\t\t\t\t<section class=\"elementor-section elementor-top-section elementor-element elementor-element-2481451 elementor-section-boxed elementor-section-height-default elementor-section-height-default\" data-id=\"2481451\" data-element_type=\"section\" data-e-type=\"section\">\n\t\t\t\t\t\t<div class=\"elementor-container elementor-column-gap-default\">\n\t\t\t\t\t<div class=\"elementor-column elementor-col-33 elementor-top-column elementor-element elementor-element-dd6268b\" data-id=\"dd6268b\" data-element_type=\"column\" data-e-type=\"column\">\n\t\t\t<div class=\"elementor-widget-wrap elementor-element-populated\">\n\t\t\t\t\t\t<div class=\"elementor-element elementor-element-fbe12aa elementor-widget elementor-widget-image\" data-id=\"fbe12aa\" data-element_type=\"widget\" data-e-type=\"widget\" data-widget_type=\"image.default\">\n\t\t\t\t<div class=\"elementor-widget-container\">\n\t\t\t\t\t\t\t\t\t\t\t\t\t\t\t<img fetchpriority=\"high\" decoding=\"async\" width=\"523\" height=\"648\" src=\"https:\/\/salve-corda.org\/wp-content\/uploads\/2024\/04\/rosaire-image.png\" class=\"attachment-large size-large wp-image-12141\" alt=\"\" srcset=\"https:\/\/salve-corda.org\/wp-content\/uploads\/2024\/04\/rosaire-image.png 523w, https:\/\/salve-corda.org\/wp-content\/uploads\/2024\/04\/rosaire-image-242x300.png 242w\" sizes=\"(max-width: 523px) 100vw, 523px\" \/>\t\t\t\t\t\t\t\t\t\t\t\t\t\t\t<\/div>\n\t\t\t\t<\/div>\n\t\t\t\t\t<\/div>\n\t\t<\/div>\n\t\t\t\t<div class=\"elementor-column elementor-col-66 elementor-top-column elementor-element elementor-element-cda29e8 force-no-margin\" data-id=\"cda29e8\" data-element_type=\"column\" data-e-type=\"column\">\n\t\t\t<div class=\"elementor-widget-wrap elementor-element-populated\">\n\t\t\t\t\t\t<div class=\"elementor-element elementor-element-79de66b elementor-widget elementor-widget-text-editor\" data-id=\"79de66b\" data-element_type=\"widget\" data-e-type=\"widget\" data-widget_type=\"text-editor.default\">\n\t\t\t\t<div class=\"elementor-widget-container\">\n\t\t\t\t\t\t\t\t\t<p>Posteriormente, v\u00e1rios papas atestaram a origem do Ros\u00e1rio, o que levou a <strong>Bento XIV <\/strong>(1740 - 1758) para escrever: <span style=\"color: #0000ff;\">\"...<em> tantos or\u00e1culos dos soberanos pont\u00edfices, de Le\u00e3o X, Pio V, Greg\u00f3rio XIII, Sisto V, Clemente VIII, Alexandre VII, Inoc\u00eancio XI, Clemente XI, Inoc\u00eancio XIII, Bento XIII e outros, todos un\u00e2nimes em atribuir a S\u00e3o Domingos a institui\u00e7\u00e3o do Ros\u00e1rio...\".<\/em><\/span><\/p><p><span style=\"color: #ab8c2e;\"><strong>2- <u>Estrutura do Ros\u00e1rio em tr\u00eas contas <\/u><\/strong><\/span><\/p><p><span style=\"color: #ab8c2e;\">2-1 A doutrina un\u00e2nime dos papas<\/span><\/p><p><strong>Urbano IV \u00a0<\/strong><\/p><p>\u00a0Em 1236, escreveu: <span style=\"color: #0000ff;\">\"\u00a0<em>\u00c9 um rito piedoso segundo o qual, contra os perigos do mundo, recitamos <strong>a Ave Maria tantas vezes quantos os salmos de David<\/strong>A ora\u00e7\u00e3o dominical precede cada dezena, [150 ed.]. Com a nossa autoriza\u00fd\u00fdo apost\u00fdlica, <strong>aprovamos este salt\u00e9rio da Virgem.<\/strong>\u00a0\" <\/em><\/span><\/p>\t\t\t\t\t\t\t\t<\/div>\n\t\t\t\t<\/div>\n\t\t\t\t\t<\/div>\n\t\t<\/div>\n\t\t\t\t\t<\/div>\n\t\t<\/section>\n\t\t\t\t<section class=\"elementor-section elementor-top-section elementor-element elementor-element-bf44d00 elementor-section-boxed elementor-section-height-default elementor-section-height-default\" data-id=\"bf44d00\" data-element_type=\"section\" data-e-type=\"section\">\n\t\t\t\t\t\t<div class=\"elementor-container elementor-column-gap-default\">\n\t\t\t\t\t<div class=\"elementor-column elementor-col-100 elementor-top-column elementor-element elementor-element-14fac92\" data-id=\"14fac92\" data-element_type=\"column\" data-e-type=\"column\">\n\t\t\t<div class=\"elementor-widget-wrap elementor-element-populated\">\n\t\t\t\t\t\t<div class=\"elementor-element elementor-element-5832878 elementor-widget elementor-widget-text-editor\" data-id=\"5832878\" data-element_type=\"widget\" data-e-type=\"widget\" data-widget_type=\"text-editor.default\">\n\t\t\t\t<div class=\"elementor-widget-container\">\n\t\t\t\t\t\t\t\t\t<p><strong>S\u00e3o Pio V <\/strong><\/p><p>Em 1569, fixou definitivamente a forma do Ros\u00e1rio com a bula <em>Consueverunt romani Pontifices, <\/em>em que diz muito claramente que S\u00e3o Domingos a trouxe para a Igreja <span style=\"color: #0000ff;\">\" ... <em>uma forma de ora\u00e7\u00e3o conhecida como o Ros\u00e1rio ou Salt\u00e9rio da Virgem Maria, que consiste em honrar a Virgem Maria recitando <strong>150 <\/strong><\/em><strong>Ave Maria<\/strong><em>De acordo com o n\u00famero dos salmos de David, acrescentando a cada dez Aves a ora\u00e7\u00e3o dominical e a medita\u00e7\u00e3o dos mist\u00e9rios da vida de Nosso Senhor Jesus Cristo.<\/em><\/span><\/p><p><strong>Le\u00e3o XIII<\/strong><\/p><p>Em <em>L\u00e6titi\u00e6 sanct\u00e6<\/em> (8 de agosto de 1893) que <span style=\"color: #0000ff;\">\" <strong><em>tr\u00eas<\/em><\/strong><em> as principais causas da desordem das pessoas encontram os seus rem\u00e9dios na <strong>tr\u00eas<\/strong> s\u00e9rie de mist\u00e9rios.<\/em><\/span><\/p><p><strong>Paulo VI <\/strong><\/p><p>Na \u00e9poca do Conc\u00edlio Vaticano II, os detractores queriam modificar o Ros\u00e1rio e <strong>Paulo VI recusou categoricamente<\/strong>\u00a0:<\/p><p>1973 <span style=\"color: #0000ff;\">\" <em>O ros\u00e1rio deve <strong>manter uma forma \u00fanica e inalterada<\/strong> do que \u00e9 atualmente. <\/em>\"<\/span><\/p><p><span style=\"color: #ab8c2e;\">2-2 A carta apost\u00f3lica de Jo\u00e3o Paulo II<\/span><\/p><p>Em 2002, Jo\u00e3o Paulo II assinou um <strong>carta apost\u00f3lica<\/strong> <em>Rosarium Virginis Mariae.<\/em>\u00a0Tem havido muita confus\u00e3o em torno desta carta do Papa, e vale a pena chamar a aten\u00e7\u00e3o para alguns aspectos importantes:<\/p><ul><li>N\u00e3o cria qualquer obriga\u00e7\u00e3o pelo facto de um <strong>a carta apost\u00f3lica \u00e9 um assunto para a livre aprecia\u00e7\u00e3o dos fi\u00e9is<\/strong> e reitera-o na sua carta.<\/li><li>a <em>Mist\u00e9rios alegres<\/em> concernent la vie du Christ de son Incarnation jusqu\u2019\u00e0 l\u2019institution de l\u2019Eucharistie. La tradition nous a apport\u00e9 les cinq myst\u00e8res que nous connaissons, portant sur le vie cach\u00e9e de J\u00e9sus, mais l\u2019\u00c9glise ne les a jamais fig\u00e9s. Des pr\u00e9dicateurs, dans les si\u00e8cles pass\u00e9s, ont fait des m\u00e9ditations sur d&#8217;autres passages de la vie de Notre Seigneur.<\/li><li>Les th\u00e8mes des myst\u00e8res n&#8217;\u00e9tant pas fig\u00e9s, Jean Paul II a suivi cette pratique et a\u00a0 propos\u00e9\u00a0 de m\u00e9diter des passages de la vie publique de J\u00e9sus les appelant &#8220;lumineux&#8221; pour les distinguer des myst\u00e8res de la vie cach\u00e9s de J\u00e9sus.<\/li><li>Nunca indicou que a estrutura do Ros\u00e1rio tivesse mudado e que fosse necess\u00e1rio rezar 200 Av\u00e9-Marias. Prova disso \u00e9 o facto de n\u00e3o ter alterado a estrutura do Ros\u00e1rio no repert\u00f3rio oficial publicado pela Santa S\u00e9, <em>O Enchiridion Indulgentiarum\u00a0<\/em>em que a estrutura de 15 dezenas ainda se mant\u00e9m.<\/li><\/ul><p>Os fi\u00e9is s\u00e3o, portanto, livres de ignorar estes mist\u00e9rios, ou de os meditar nos Mist\u00e9rios Gozosos, ou de fazer um ter\u00e7o separado durante a semana com estes temas, ou mesmo de escolher outras passagens da vida de Jesus.<\/p><p><span style=\"color: #ab8c2e;\">2-3 F\u00e1tima: a grande confirma\u00e7\u00e3o da estrutura do Ros\u00e1rio pela pr\u00f3pria Sant\u00edssima Virgem<\/span><\/p><p>Em 13 de outubro de 1917, depois de ter dito que se chamava <strong>Nossa Senhora do Ros\u00e1rio<\/strong>a Sant\u00edssima Virgem mostrou aos pequenos videntes tr\u00eas imagens que representam as tr\u00eas s\u00e9ries dos mist\u00e9rios do Ros\u00e1rio:<\/p><ul><li>a Sagrada Fam\u00edlia, ilustrando <strong>mist\u00e9rios alegres<\/strong> ;<\/li><li>Nossa Senhora das Dores, com Nosso Senhor ao seu lado, ilustrando a <strong>mist\u00e9rios dolorosos<\/strong> ;<\/li><li>Nossa Senhora do Carmo com um escapul\u00e1rio na m\u00e3o, ilustrando a <strong>mist\u00e9rios gloriosos<\/strong>.<\/li><\/ul><p>Depois, em 10 de dezembro de 1925, a Sant\u00edssima Virgem confirmou a estrutura do Ros\u00e1rio. Durante a sua apari\u00e7\u00e3o \u00e0 Irm\u00e3 L\u00facia de F\u00e1tima, no \"primeiro s\u00e1bado do m\u00eas\", pediu-lhes que meditassem durante quinze minutos sobre o Ros\u00e1rio.\u00a0<strong><em>sobre os quinze mist\u00e9rios do Ros\u00e1rio <\/em><\/strong><em>em esp\u00edrito de repara\u00e7\u00e3o\".\u00a0<\/em><\/p><p><span style=\"color: #ab8c2e;\">2-4<u>\u00a0As novas ora\u00e7\u00f5es do \"ros\u00e1rio<\/u><\/span><\/p><p>Nos \u00faltimos anos, apareceram novas ora\u00e7\u00f5es que se chamam \"ros\u00e1rios\" (por exemplo, o Ter\u00e7o da Miseric\u00f3rdia). O termo utilizado \u00e9 tamb\u00e9m \"ros\u00e1rio\", o que pode dar origem a confus\u00e3o.\u00a0<\/p><p>Por conseguinte, \u00e9 importante fazer uma distin\u00e7\u00e3o clara entre <b>Ros\u00e1rio <\/b>demand\u00e9 \u00e0 Fatima avec ces nouveaux\u00a0 &#8220;chapelets&#8221; qui sont sans liens avec Fatima. A Fatima, la Saint Vierge a bien demand\u00e9 exclusivement la r\u00e9citation <strong>do Ros\u00e1rio <\/strong>nomeadamente no primeiro s\u00e1bado do m\u00eas.<\/p><p><span style=\"color: #ab8c2e;\"><strong><span style=\"text-decoration: underline;\">3- <\/span><u>Resumo do significado espiritual da estrutura do Ros\u00e1rio em tr\u00eas contas<\/u><\/strong><\/span><\/p><p>O significado da estrutura do Ros\u00e1rio \u00e9 incrivelmente l\u00f3gico e tem v\u00e1rios aspectos. Estes incluem:<\/p><ul><li>Os tr\u00eas ros\u00e1rios s\u00e3o em honra das tr\u00eas pessoas da Sant\u00edssima Trindade.<\/li><li>S\u00e3o uma medita\u00e7\u00e3o sobre os tr\u00eas mist\u00e9rios da salva\u00e7\u00e3o: a encarna\u00e7\u00e3o, a reden\u00e7\u00e3o e a vida eterna.<\/li><li>Ilustram os tr\u00eas estados da Igreja: Mist\u00e9rios Gozosos \/ Igreja militante, Mist\u00e9rios Dolorosos \/ Igreja sofredora, Mist\u00e9rios Gloriosos \/ Igreja triunfante.<\/li><li>S\u00e3o compostos por 150 \"Av\u00e9-Marias\", como os 150 salmos de David; estes salmos fazem parte do brevi\u00e1rio dos sacerdotes e o Ros\u00e1rio \u00e9, portanto, uma esp\u00e9cie de brevi\u00e1rio para os fi\u00e9is.<\/li><li>Entre os 1<sup>era<\/sup> apari\u00e7\u00e3o de F\u00e1tima (13 de maio de 17) e a \u00faltima (13 de outubro de 17) h\u00e1 exatamente 150 dias.<\/li><\/ul><p>\u00a0<\/p><p><span style=\"color: #ab8c2e;\"><strong><u>Conclus\u00e3o<\/u><\/strong><\/span><\/p><p>O Ros\u00e1rio, composto por 150 Av\u00e9-Marias divididas em tr\u00eas contas, foi entregue a S\u00e3o Domingos no s\u00e9culo XIII.<sup>th<\/sup> Foi confirmada pelos Papas e pela pr\u00f3pria Virgem Maria em F\u00e1tima. A sua estrutura em 150 Av\u00e9-Marias nunca foi alterada, nem pelo C\u00e9u, nem pela Igreja. Em F\u00e1tima, Nossa Senhora pediu que se meditasse sobre as \"Av\u00e9-Marias\". <strong><em>os quinze mist\u00e9rios do Ros\u00e1rio<\/em><\/strong> \"Devemos, portanto, respeitar fielmente o seu pedido.<\/p>\t\t\t\t\t\t\t\t<\/div>\n\t\t\t\t<\/div>\n\t\t\t\t\t<\/div>\n\t\t<\/div>\n\t\t\t\t\t<\/div>\n\t\t<\/section>\n\t\t\t\t<section class=\"elementor-section elementor-top-section elementor-element elementor-element-48be42e elementor-section-boxed elementor-section-height-default elementor-section-height-default\" data-id=\"48be42e\" data-element_type=\"section\" data-e-type=\"section\">\n\t\t\t\t\t\t<div class=\"elementor-container elementor-column-gap-default\">\n\t\t\t\t\t<div class=\"elementor-column elementor-col-100 elementor-top-column elementor-element elementor-element-fe17f52\" data-id=\"fe17f52\" data-element_type=\"column\" data-e-type=\"column\">\n\t\t\t<div class=\"elementor-widget-wrap elementor-element-populated\">\n\t\t\t\t\t\t<div class=\"elementor-element elementor-element-33c05d9 elementor-widget elementor-widget-image\" data-id=\"33c05d9\" data-element_type=\"widget\" data-e-type=\"widget\" data-widget_type=\"image.default\">\n\t\t\t\t<div class=\"elementor-widget-container\">\n\t\t\t\t\t\t\t\t\t\t\t\t\t\t\t<img decoding=\"async\" width=\"474\" height=\"522\" src=\"https:\/\/salve-corda.org\/wp-content\/uploads\/2024\/04\/th-3923092254.jpg\" class=\"attachment-large size-large wp-image-12155\" alt=\"\" srcset=\"https:\/\/salve-corda.org\/wp-content\/uploads\/2024\/04\/th-3923092254.jpg 474w, https:\/\/salve-corda.org\/wp-content\/uploads\/2024\/04\/th-3923092254-272x300.jpg 272w\" sizes=\"(max-width: 474px) 100vw, 474px\" \/>\t\t\t\t\t\t\t\t\t\t\t\t\t\t\t<\/div>\n\t\t\t\t<\/div>\n\t\t\t\t\t<\/div>\n\t\t<\/div>\n\t\t\t\t\t<\/div>\n\t\t<\/section>\n\t\t\t\t<\/div>","protected":false},"excerpt":{"rendered":"<p>1- Origem do Ros\u00e1rio \"O Ros\u00e1rio foi institu\u00eddo sob inspira\u00e7\u00e3o divina por S\u00e3o Domingos\" [1170-1221] Papa Le\u00e3o XIII, Supremi Apostolatus Officio, 1 de agosto de 1883. Numerosos factos hist\u00f3ricos o atestam. A Rainha Branca [...]<\/p>","protected":false},"author":2,"featured_media":12141,"comment_status":"closed","ping_status":"closed","sticky":false,"template":"","format":"standard","meta":{"footnotes":""},"categories":[1],"tags":[],"class_list":["post-12138","post","type-post","status-publish","format-standard","has-post-thumbnail","hentry","category-articles"],"_links":{"self":[{"href":"https:\/\/salve-corda.org\/pt\/wp-json\/wp\/v2\/posts\/12138","targetHints":{"allow":["GET"]}}],"collection":[{"href":"https:\/\/salve-corda.org\/pt\/wp-json\/wp\/v2\/posts"}],"about":[{"href":"https:\/\/salve-corda.org\/pt\/wp-json\/wp\/v2\/types\/post"}],"author":[{"embeddable":true,"href":"https:\/\/salve-corda.org\/pt\/wp-json\/wp\/v2\/users\/2"}],"replies":[{"embeddable":true,"href":"https:\/\/salve-corda.org\/pt\/wp-json\/wp\/v2\/comments?post=12138"}],"version-history":[{"count":63,"href":"https:\/\/salve-corda.org\/pt\/wp-json\/wp\/v2\/posts\/12138\/revisions"}],"predecessor-version":[{"id":12736,"href":"https:\/\/salve-corda.org\/pt\/wp-json\/wp\/v2\/posts\/12138\/revisions\/12736"}],"wp:featuredmedia":[{"embeddable":true,"href":"https:\/\/salve-corda.org\/pt\/wp-json\/wp\/v2\/media\/12141"}],"wp:attachment":[{"href":"https:\/\/salve-corda.org\/pt\/wp-json\/wp\/v2\/media?parent=12138"}],"wp:term":[{"taxonomy":"category","embeddable":true,"href":"https:\/\/salve-corda.org\/pt\/wp-json\/wp\/v2\/categories?post=12138"},{"taxonomy":"post_tag","embeddable":true,"href":"https:\/\/salve-corda.org\/pt\/wp-json\/wp\/v2\/tags?post=12138"}],"curies":[{"name":"wp","href":"https:\/\/api.w.org\/{rel}","templated":true}]}}